{"id":10188,"date":"2024-04-29T14:07:00","date_gmt":"2024-04-29T17:07:00","guid":{"rendered":"https:\/\/prefeitura.santarosa.rs.gov.br\/?p=10188"},"modified":"2024-10-07T09:51:07","modified_gmt":"2024-10-07T12:51:07","slug":"fumssar-realizou-acoes-do-abril-verde","status":"publish","type":"post","link":"https:\/\/prefeitura.santarosa.rs.gov.br\/?p=10188","title":{"rendered":"<strong>FUMSSAR realizou a\u00e7\u00f5es do Abril Verde<\/strong>"},"content":{"rendered":"\n<figure class=\"wp-block-image size-full\"><img fetchpriority=\"high\" decoding=\"async\" width=\"860\" height=\"645\" src=\"https:\/\/prefeitura.santarosa.rs.gov.br\/wp-content\/uploads\/2024\/04\/Formato-Site-e-Portal-860X645-JPG-2024-04-29T135234.217.jpg\" alt=\"\" class=\"wp-image-10189\" srcset=\"https:\/\/prefeitura.santarosa.rs.gov.br\/wp-content\/uploads\/2024\/04\/Formato-Site-e-Portal-860X645-JPG-2024-04-29T135234.217.jpg 860w, https:\/\/prefeitura.santarosa.rs.gov.br\/wp-content\/uploads\/2024\/04\/Formato-Site-e-Portal-860X645-JPG-2024-04-29T135234.217-300x225.jpg 300w, https:\/\/prefeitura.santarosa.rs.gov.br\/wp-content\/uploads\/2024\/04\/Formato-Site-e-Portal-860X645-JPG-2024-04-29T135234.217-768x576.jpg 768w\" sizes=\"(max-width: 860px) 100vw, 860px\" \/><\/figure>\n\n\n\n<p>A FUMSSAR por meio da equipe do CEREST Fronteira Noroeste, promoveu no s\u00e1bado (27), um mutir\u00e3o de preven\u00e7\u00e3o e cuidado \u00e0 sa\u00fade e seguran\u00e7a dos trabalhadores. A a\u00e7\u00e3o fez parte da campanha Abril Verde, que tem como foco, a conscientiza\u00e7\u00e3o de acidentes e doen\u00e7as relacionadas ao trabalho. As atividades foram realizadas na Pra\u00e7a da Bandeira. Cerca de 200 pessoas foram abordadas com a entrega de orienta\u00e7\u00f5es sobre a sa\u00fade do trabalhador e informa\u00e7\u00f5es de sa\u00fade mental. Tamb\u00e9m foram disponibilizados, gratuitamente, testes de glicemia e verifica\u00e7\u00e3o da press\u00e3o arterial.<\/p>\n\n\n\n<p>Na oportunidade, foi celebrado o Dia Mundial da Seguran\u00e7a e Sa\u00fade no Trabalho, comemorado no dia 28 de abril. A equipe do Centro de Refer\u00eancia em Sa\u00fade do Trabalhador circulou pelo com\u00e9rcio e conversou com os trabalhadores. A Coordenadora do Cerest Fonteira Noroeste, Luciana Buuron, destacou o objetivo principal do Abril Verde, \u201cEsta \u00e9 uma importante campanha que alerta a popula\u00e7\u00e3o de que os acidentes de trabalho n\u00e3o ocorrem por acaso. \u00c9 necess\u00e1ria a conscientiza\u00e7\u00e3o de todos, empregadores e trabalhadores, para que sejam realizadas a\u00e7\u00f5es de preven\u00e7\u00e3o garantindo um ambiente de trabalho seguro e saud\u00e1vel. Com medidas simples, podemos prevenir acidentes, doen\u00e7as ocupacionais e promover a sa\u00fade e o bem-estar de todos\u201d.<\/p>\n\n\n\n<p>A atividade contou com o apoio do SEST SENAT e a presen\u00e7a do personagem do mosquito da dengue e da mascote CERESTINA. De acordo com a Organiza\u00e7\u00e3o Internacional do Trabalho (OIT), anualmente, quase 2 milh\u00f5es de pessoas morrem de causas relacionadas ao trabalho no mundo. Al\u00e9m disso, ocorrem mais de 270 milh\u00f5es de acidentes e mais de 160 milh\u00f5es de doen\u00e7as ocupacionais s\u00e3o diagnosticadas por ano.<\/p>\n","protected":false},"excerpt":{"rendered":"<p>A FUMSSAR por meio da equipe do CEREST Fronteira Noroeste, promoveu no s\u00e1bado (27), um mutir\u00e3o de preven\u00e7\u00e3o e cuidado<\/p>\n","protected":false},"author":6,"featured_media":10190,"comment_status":"closed","ping_status":"closed","sticky":false,"template":"","format":"standard","meta":{"footnotes":""},"categories":[4,8],"tags":[],"class_list":["post-10188","post","type-post","status-publish","format-standard","has-post-thumbnail","hentry","category-noticias","category-noticias-fumssar"],"aioseo_notices":[],"_links":{"self":[{"href":"https:\/\/prefeitura.santarosa.rs.gov.br\/index.php?rest_route=\/wp\/v2\/posts\/10188","targetHints":{"allow":["GET"]}}],"collection":[{"href":"https:\/\/prefeitura.santarosa.rs.gov.br\/index.php?rest_route=\/wp\/v2\/posts"}],"about":[{"href":"https:\/\/prefeitura.santarosa.rs.gov.br\/index.php?rest_route=\/wp\/v2\/types\/post"}],"author":[{"embeddable":true,"href":"https:\/\/prefeitura.santarosa.rs.gov.br\/index.php?rest_route=\/wp\/v2\/users\/6"}],"replies":[{"embeddable":true,"href":"https:\/\/prefeitura.santarosa.rs.gov.br\/index.php?rest_route=%2Fwp%2Fv2%2Fcomments&post=10188"}],"version-history":[{"count":1,"href":"https:\/\/prefeitura.santarosa.rs.gov.br\/index.php?rest_route=\/wp\/v2\/posts\/10188\/revisions"}],"predecessor-version":[{"id":10191,"href":"https:\/\/prefeitura.santarosa.rs.gov.br\/index.php?rest_route=\/wp\/v2\/posts\/10188\/revisions\/10191"}],"wp:featuredmedia":[{"embeddable":true,"href":"https:\/\/prefeitura.santarosa.rs.gov.br\/index.php?rest_route=\/wp\/v2\/media\/10190"}],"wp:attachment":[{"href":"https:\/\/prefeitura.santarosa.rs.gov.br\/index.php?rest_route=%2Fwp%2Fv2%2Fmedia&parent=10188"}],"wp:term":[{"taxonomy":"category","embeddable":true,"href":"https:\/\/prefeitura.santarosa.rs.gov.br\/index.php?rest_route=%2Fwp%2Fv2%2Fcategories&post=10188"},{"taxonomy":"post_tag","embeddable":true,"href":"https:\/\/prefeitura.santarosa.rs.gov.br\/index.php?rest_route=%2Fwp%2Fv2%2Ftags&post=10188"}],"curies":[{"name":"wp","href":"https:\/\/api.w.org\/{rel}","templated":true}]}}