{"id":10179,"date":"2024-04-26T10:38:31","date_gmt":"2024-04-26T13:38:31","guid":{"rendered":"https:\/\/prefeitura.santarosa.rs.gov.br\/?p=10179"},"modified":"2024-10-07T09:51:07","modified_gmt":"2024-10-07T12:51:07","slug":"avancam-as-obras-entre-o-bairro-sao-francisco-e-o-distrito-industrial","status":"publish","type":"post","link":"https:\/\/prefeitura.santarosa.rs.gov.br\/?p=10179","title":{"rendered":"<strong>Avan\u00e7am as obras entre o bairro S\u00e3o Francisco e o Distrito Industrial<\/strong>"},"content":{"rendered":"\n<p><em>Mais de R$ 8,2 milh\u00f5es est\u00e3o sendo investidos no local<\/em><\/p>\n\n\n\n<figure class=\"wp-block-image size-full\"><img fetchpriority=\"high\" decoding=\"async\" width=\"860\" height=\"645\" src=\"https:\/\/prefeitura.santarosa.rs.gov.br\/wp-content\/uploads\/2024\/04\/Formato-Site-e-Portal-860X645-JPG-2024-04-26T103655.550.jpg\" alt=\"\" class=\"wp-image-10180\" srcset=\"https:\/\/prefeitura.santarosa.rs.gov.br\/wp-content\/uploads\/2024\/04\/Formato-Site-e-Portal-860X645-JPG-2024-04-26T103655.550.jpg 860w, https:\/\/prefeitura.santarosa.rs.gov.br\/wp-content\/uploads\/2024\/04\/Formato-Site-e-Portal-860X645-JPG-2024-04-26T103655.550-300x225.jpg 300w, https:\/\/prefeitura.santarosa.rs.gov.br\/wp-content\/uploads\/2024\/04\/Formato-Site-e-Portal-860X645-JPG-2024-04-26T103655.550-768x576.jpg 768w\" sizes=\"(max-width: 860px) 100vw, 860px\" \/><\/figure>\n\n\n\n<p>A obra de liga\u00e7\u00e3o entre o bairro S\u00e3o Francisco (passando pela frente do Ca\u00e7a e Pesca) e o Distrito Industrial est\u00e1 sendo finalizada pelo Governo Municipal. O projeto possui 2 etapas com diversas melhorias na infraestrutura. A primeira delas, de pavimenta\u00e7\u00e3o asf\u00e1ltica j\u00e1 est\u00e1 90% conclu\u00edda. A outra, com cerca de 60% dos servi\u00e7os executados, contempla obras de cal\u00e7amento em ruas complementares do distrito, nos terrenos para as ind\u00fastrias que ir\u00e3o se instalar no local. Mais de R$ 8,2 milh\u00f5es est\u00e3o sendo investidos nesta \u00e1rea t\u00e3o importante de Santa Rosa.<\/p>\n\n\n\n<p>Esta \u00e9 uma das dezenas de obras em execu\u00e7\u00e3o no munic\u00edpio. A partir desta liga\u00e7\u00e3o, a popula\u00e7\u00e3o ter\u00e1 acesso a um novo trajeto para o Distrito Industrial e o bairro S\u00e3o Francisco. O Prefeito Anderson Mantei, destaca que as melhorias significam um grande avan\u00e7o para o desenvolvimento de Santa Rosa, \u201cEstamos investindo em infraestrutura e mobilidade. Esta \u00e9 uma das grandes obras que est\u00e3o acontecendo no munic\u00edpio e que vai facilitar paras as pessoas que necessitam utilizar esse trajeto para ir trabalhar no distrito, como tamb\u00e9m, para acessar a cidade ou para quem mora naquela regi\u00e3o\u201d.<\/p>\n\n\n\n<p>Para a segunda etapa da obra, a Prefeitura al\u00e9m da pavimenta\u00e7\u00e3o, ir\u00e1 implementar e executar a rede de abastecimento de \u00e1gua no local. Do valor total investido, R$ 6,2 milh\u00f5es s\u00e3o de recursos pr\u00f3prios do munic\u00edpio, das economias da Gest\u00e3o. Ap\u00f3s finalizadas as obras das 2 etapas, o Governo Municipal ir\u00e1 efetivar a divis\u00e3o dos lotes do distrito. A previs\u00e3o \u00e9 que pelo menos 20 novos lotes devem ser distribu\u00eddos para a instala\u00e7\u00e3o de ind\u00fastrias em Santa Rosa.<\/p>\n","protected":false},"excerpt":{"rendered":"<p>Mais de R$ 8,2 milh\u00f5es est\u00e3o sendo investidos no local A obra de liga\u00e7\u00e3o entre o bairro S\u00e3o Francisco (passando<\/p>\n","protected":false},"author":6,"featured_media":10181,"comment_status":"closed","ping_status":"closed","sticky":false,"template":"","format":"standard","meta":{"footnotes":""},"categories":[4,22],"tags":[],"class_list":["post-10179","post","type-post","status-publish","format-standard","has-post-thumbnail","hentry","category-noticias","category-secretaria-municipal-de-planejamento-e-habitacao"],"aioseo_notices":[],"_links":{"self":[{"href":"https:\/\/prefeitura.santarosa.rs.gov.br\/index.php?rest_route=\/wp\/v2\/posts\/10179","targetHints":{"allow":["GET"]}}],"collection":[{"href":"https:\/\/prefeitura.santarosa.rs.gov.br\/index.php?rest_route=\/wp\/v2\/posts"}],"about":[{"href":"https:\/\/prefeitura.santarosa.rs.gov.br\/index.php?rest_route=\/wp\/v2\/types\/post"}],"author":[{"embeddable":true,"href":"https:\/\/prefeitura.santarosa.rs.gov.br\/index.php?rest_route=\/wp\/v2\/users\/6"}],"replies":[{"embeddable":true,"href":"https:\/\/prefeitura.santarosa.rs.gov.br\/index.php?rest_route=%2Fwp%2Fv2%2Fcomments&post=10179"}],"version-history":[{"count":1,"href":"https:\/\/prefeitura.santarosa.rs.gov.br\/index.php?rest_route=\/wp\/v2\/posts\/10179\/revisions"}],"predecessor-version":[{"id":10182,"href":"https:\/\/prefeitura.santarosa.rs.gov.br\/index.php?rest_route=\/wp\/v2\/posts\/10179\/revisions\/10182"}],"wp:featuredmedia":[{"embeddable":true,"href":"https:\/\/prefeitura.santarosa.rs.gov.br\/index.php?rest_route=\/wp\/v2\/media\/10181"}],"wp:attachment":[{"href":"https:\/\/prefeitura.santarosa.rs.gov.br\/index.php?rest_route=%2Fwp%2Fv2%2Fmedia&parent=10179"}],"wp:term":[{"taxonomy":"category","embeddable":true,"href":"https:\/\/prefeitura.santarosa.rs.gov.br\/index.php?rest_route=%2Fwp%2Fv2%2Fcategories&post=10179"},{"taxonomy":"post_tag","embeddable":true,"href":"https:\/\/prefeitura.santarosa.rs.gov.br\/index.php?rest_route=%2Fwp%2Fv2%2Ftags&post=10179"}],"curies":[{"name":"wp","href":"https:\/\/api.w.org\/{rel}","templated":true}]}}