{"id":10104,"date":"2024-04-19T14:58:27","date_gmt":"2024-04-19T17:58:27","guid":{"rendered":"https:\/\/prefeitura.santarosa.rs.gov.br\/?p=10104"},"modified":"2024-10-07T09:51:08","modified_gmt":"2024-10-07T12:51:08","slug":"inscricoes-abertas-para-as-oficinas-culturais-e-pedagogicas-de-danca","status":"publish","type":"post","link":"https:\/\/prefeitura.santarosa.rs.gov.br\/?p=10104","title":{"rendered":"<strong>Inscri\u00e7\u00f5es abertas para as Oficinas Culturais e Pedag\u00f3gicas de Dan\u00e7a<\/strong>"},"content":{"rendered":"\n<figure class=\"wp-block-image size-full\"><img fetchpriority=\"high\" decoding=\"async\" width=\"860\" height=\"645\" src=\"https:\/\/prefeitura.santarosa.rs.gov.br\/wp-content\/uploads\/2024\/04\/Formato-Site-e-Portal-860X645-JPG-2024-04-19T145623.086.jpg\" alt=\"\" class=\"wp-image-10105\" srcset=\"https:\/\/prefeitura.santarosa.rs.gov.br\/wp-content\/uploads\/2024\/04\/Formato-Site-e-Portal-860X645-JPG-2024-04-19T145623.086.jpg 860w, https:\/\/prefeitura.santarosa.rs.gov.br\/wp-content\/uploads\/2024\/04\/Formato-Site-e-Portal-860X645-JPG-2024-04-19T145623.086-300x225.jpg 300w, https:\/\/prefeitura.santarosa.rs.gov.br\/wp-content\/uploads\/2024\/04\/Formato-Site-e-Portal-860X645-JPG-2024-04-19T145623.086-768x576.jpg 768w\" sizes=\"(max-width: 860px) 100vw, 860px\" \/><\/figure>\n\n\n\n<p>A Prefeitura de Santa Rosa atrav\u00e9s da Secretaria de Educa\u00e7\u00e3o e Cultura informa a popula\u00e7\u00e3o que as Oficinas Culturais e Pedag\u00f3gicas de Dan\u00e7a est\u00e3o com inscri\u00e7\u00f5es abertas. As aulas s\u00e3o gratuitas e ofertadas atrav\u00e9s do Departamento de Cultura, em parceria com a Academia Drag\u00f5es do Oriente. As aulas acontecem no Centro C\u00edvico e no Centro Cultural Prof. Fioravante Pedrazani, nos turnos da manh\u00e3 e tarde, de segunda a sexta-feira.<\/p>\n\n\n\n<p>Podem se inscrever no projeto estudantes de escolas p\u00fablicas e privadas do munic\u00edpio, com idade entre 7 a 17 anos. A Diretora do Departamento de Cultura de Santa Rosa, Denise Bonin, destaca a a\u00e7\u00e3o, \u201cSabemos o quanto a dan\u00e7a contribui para o desenvolvimento das crian\u00e7as e adolescentes, trabalhando quest\u00f5es como timidez, melhorando a desenvoltura e postura. Nosso desejo \u00e9 que mais jovens se envolvam com as artes e a cultura e desenvolvam diversas habilidades que auxiliam para uma melhor qualidade de vida\u201d.<\/p>\n\n\n\n<p>As inscri\u00e7\u00f5es est\u00e3o sendo realizadas no Departamento de Cultura, localizado em frente \u00e0 Pra\u00e7a da Bandeira, das 07h30min \u00e0s 11h30min e das 13h30min \u00e0s 17h30min, em dias de expediente.<\/p>\n","protected":false},"excerpt":{"rendered":"<p>A Prefeitura de Santa Rosa atrav\u00e9s da Secretaria de Educa\u00e7\u00e3o e Cultura informa a popula\u00e7\u00e3o que as Oficinas Culturais e<\/p>\n","protected":false},"author":6,"featured_media":10106,"comment_status":"closed","ping_status":"closed","sticky":false,"template":"","format":"standard","meta":{"footnotes":""},"categories":[4,18],"tags":[],"class_list":["post-10104","post","type-post","status-publish","format-standard","has-post-thumbnail","hentry","category-noticias","category-secretaria-municipal-de-educacao-e-cultura"],"aioseo_notices":[],"_links":{"self":[{"href":"https:\/\/prefeitura.santarosa.rs.gov.br\/index.php?rest_route=\/wp\/v2\/posts\/10104","targetHints":{"allow":["GET"]}}],"collection":[{"href":"https:\/\/prefeitura.santarosa.rs.gov.br\/index.php?rest_route=\/wp\/v2\/posts"}],"about":[{"href":"https:\/\/prefeitura.santarosa.rs.gov.br\/index.php?rest_route=\/wp\/v2\/types\/post"}],"author":[{"embeddable":true,"href":"https:\/\/prefeitura.santarosa.rs.gov.br\/index.php?rest_route=\/wp\/v2\/users\/6"}],"replies":[{"embeddable":true,"href":"https:\/\/prefeitura.santarosa.rs.gov.br\/index.php?rest_route=%2Fwp%2Fv2%2Fcomments&post=10104"}],"version-history":[{"count":1,"href":"https:\/\/prefeitura.santarosa.rs.gov.br\/index.php?rest_route=\/wp\/v2\/posts\/10104\/revisions"}],"predecessor-version":[{"id":10107,"href":"https:\/\/prefeitura.santarosa.rs.gov.br\/index.php?rest_route=\/wp\/v2\/posts\/10104\/revisions\/10107"}],"wp:featuredmedia":[{"embeddable":true,"href":"https:\/\/prefeitura.santarosa.rs.gov.br\/index.php?rest_route=\/wp\/v2\/media\/10106"}],"wp:attachment":[{"href":"https:\/\/prefeitura.santarosa.rs.gov.br\/index.php?rest_route=%2Fwp%2Fv2%2Fmedia&parent=10104"}],"wp:term":[{"taxonomy":"category","embeddable":true,"href":"https:\/\/prefeitura.santarosa.rs.gov.br\/index.php?rest_route=%2Fwp%2Fv2%2Fcategories&post=10104"},{"taxonomy":"post_tag","embeddable":true,"href":"https:\/\/prefeitura.santarosa.rs.gov.br\/index.php?rest_route=%2Fwp%2Fv2%2Ftags&post=10104"}],"curies":[{"name":"wp","href":"https:\/\/api.w.org\/{rel}","templated":true}]}}