{"id":10071,"date":"2024-04-16T16:50:12","date_gmt":"2024-04-16T19:50:12","guid":{"rendered":"https:\/\/prefeitura.santarosa.rs.gov.br\/?p=10071"},"modified":"2024-10-07T09:51:08","modified_gmt":"2024-10-07T12:51:08","slug":"ouro-verde-e-contemplado-com-melhorias","status":"publish","type":"post","link":"https:\/\/prefeitura.santarosa.rs.gov.br\/?p=10071","title":{"rendered":"<strong>Ouro Verde \u00e9 contemplado com melhorias<\/strong>"},"content":{"rendered":"\n<p>Bairro vai receber investimento em 8 ruas de asfalto, ilumina\u00e7\u00e3o e sa\u00fade<\/p>\n\n\n\n<figure class=\"wp-block-image size-full\"><img fetchpriority=\"high\" decoding=\"async\" width=\"860\" height=\"645\" src=\"https:\/\/prefeitura.santarosa.rs.gov.br\/wp-content\/uploads\/2024\/04\/Formato-Site-e-Portal-860X645-JPG-2024-04-16T154940.408.jpg\" alt=\"\" class=\"wp-image-10072\" srcset=\"https:\/\/prefeitura.santarosa.rs.gov.br\/wp-content\/uploads\/2024\/04\/Formato-Site-e-Portal-860X645-JPG-2024-04-16T154940.408.jpg 860w, https:\/\/prefeitura.santarosa.rs.gov.br\/wp-content\/uploads\/2024\/04\/Formato-Site-e-Portal-860X645-JPG-2024-04-16T154940.408-300x225.jpg 300w, https:\/\/prefeitura.santarosa.rs.gov.br\/wp-content\/uploads\/2024\/04\/Formato-Site-e-Portal-860X645-JPG-2024-04-16T154940.408-768x576.jpg 768w\" sizes=\"(max-width: 860px) 100vw, 860px\" \/><\/figure>\n\n\n\n<p>O Governo Municipal est\u00e1 realizando v\u00e1rios investimentos no Ouro Verde. A troca da ilumina\u00e7\u00e3o de LED est\u00e1 na fase final de instala\u00e7\u00e3o. O atendimento no terceiro turno que come\u00e7ou em setembro do ano passado oportuniza uma m\u00e9dia de 120 atendimentos por m\u00eas. Na infraestrutura e mobilidade, 8 ruas v\u00e3o receber pavimenta\u00e7\u00e3o asf\u00e1ltica. O bairro n\u00e3o havia recebido investimentos antes, em fun\u00e7\u00e3o de servi\u00e7os pendentes da Aegea\/Corsan. Uma das obras contempladas no local, \u00e9 a da Rua das Margaridas. O projeto est\u00e1 na fase final (95% conclu\u00eddo), com a execu\u00e7\u00e3o da sinaliza\u00e7\u00e3o.<\/p>\n\n\n\n<p>A Rua das Margaridas \u00e9 uma importante via de Santa Rosa, que liga o Ouro Verde ao bairro Bela Vista (Associa\u00e7\u00e3o AGCO). Esta era uma demanda antiga da comunidade e que est\u00e1 sendo atendida. O trajeto tamb\u00e9m d\u00e1 acesso a sa\u00edda do munic\u00edpio, portanto muito utilizado. Mais de R$ 716 mil foram investidos no local, em uma \u00e1rea de 3.144,56 metros quadrados. O vice-prefeito Aldemir Ulrich e o diretor de Planejamento Urbano, Lu\u00eds Fernando Marzari, acompanharam o andamento do servi\u00e7o, \u201cEstamos realizando importantes melhorias no Ouro Verde que por muito tempo n\u00e3o recebeu investimento. Al\u00e9m da sa\u00fade, ilumina\u00e7\u00e3o tamb\u00e9m vamos melhorar a infraestrutura de v\u00e1rias ruas, o que vai proporcionar melhor acesso para os moradores. Esse \u00e9 um trabalho de gest\u00e3o que nos oportuniza investir em todas as comunidades da nossa cidade\u201d, destacou o vice-prefeito.<br><br><\/p>\n\n\n\n<p>Na pr\u00f3xima semana, come\u00e7a a obra de asfalto na Rua das Rosas. Al\u00e9m dessa, mais 6 vias v\u00e3o ser contempladas com os servi\u00e7os de pavimenta\u00e7\u00e3o, drenagem e sinaliza\u00e7\u00e3o. No momento, as equipes trabalham tamb\u00e9m na tubula\u00e7\u00e3o e drenagem da Rua Vasco da Gama. A previs\u00e3o \u00e9 que em maio, as obras de asfalto iniciem no local. Al\u00e9m destas ruas, tamb\u00e9m ser\u00e3o asfaltadas no Ouro Verde, as seguintes vias: Avenida das Cam\u00e9lias, Rua das Violetas, Rua das Hort\u00eansias, Rua das G\u00e9rberas e Ruas dos L\u00edrios. Conforme a Aegea\/Corsan for finalizando o servi\u00e7o da execu\u00e7\u00e3o de rede de esgoto, ser\u00e3o iniciadas as pr\u00f3ximas obras.<\/p>\n","protected":false},"excerpt":{"rendered":"<p>Bairro vai receber investimento em 8 ruas de asfalto, ilumina\u00e7\u00e3o e sa\u00fade O Governo Municipal est\u00e1 realizando v\u00e1rios investimentos no<\/p>\n","protected":false},"author":6,"featured_media":10073,"comment_status":"closed","ping_status":"closed","sticky":false,"template":"","format":"standard","meta":{"footnotes":""},"categories":[4,22],"tags":[],"class_list":["post-10071","post","type-post","status-publish","format-standard","has-post-thumbnail","hentry","category-noticias","category-secretaria-municipal-de-planejamento-e-habitacao"],"aioseo_notices":[],"_links":{"self":[{"href":"https:\/\/prefeitura.santarosa.rs.gov.br\/index.php?rest_route=\/wp\/v2\/posts\/10071","targetHints":{"allow":["GET"]}}],"collection":[{"href":"https:\/\/prefeitura.santarosa.rs.gov.br\/index.php?rest_route=\/wp\/v2\/posts"}],"about":[{"href":"https:\/\/prefeitura.santarosa.rs.gov.br\/index.php?rest_route=\/wp\/v2\/types\/post"}],"author":[{"embeddable":true,"href":"https:\/\/prefeitura.santarosa.rs.gov.br\/index.php?rest_route=\/wp\/v2\/users\/6"}],"replies":[{"embeddable":true,"href":"https:\/\/prefeitura.santarosa.rs.gov.br\/index.php?rest_route=%2Fwp%2Fv2%2Fcomments&post=10071"}],"version-history":[{"count":1,"href":"https:\/\/prefeitura.santarosa.rs.gov.br\/index.php?rest_route=\/wp\/v2\/posts\/10071\/revisions"}],"predecessor-version":[{"id":10074,"href":"https:\/\/prefeitura.santarosa.rs.gov.br\/index.php?rest_route=\/wp\/v2\/posts\/10071\/revisions\/10074"}],"wp:featuredmedia":[{"embeddable":true,"href":"https:\/\/prefeitura.santarosa.rs.gov.br\/index.php?rest_route=\/wp\/v2\/media\/10073"}],"wp:attachment":[{"href":"https:\/\/prefeitura.santarosa.rs.gov.br\/index.php?rest_route=%2Fwp%2Fv2%2Fmedia&parent=10071"}],"wp:term":[{"taxonomy":"category","embeddable":true,"href":"https:\/\/prefeitura.santarosa.rs.gov.br\/index.php?rest_route=%2Fwp%2Fv2%2Fcategories&post=10071"},{"taxonomy":"post_tag","embeddable":true,"href":"https:\/\/prefeitura.santarosa.rs.gov.br\/index.php?rest_route=%2Fwp%2Fv2%2Ftags&post=10071"}],"curies":[{"name":"wp","href":"https:\/\/api.w.org\/{rel}","templated":true}]}}